{"id":193329,"date":"2021-04-09T16:48:45","date_gmt":"2021-04-09T19:48:45","guid":{"rendered":"https:\/\/www.dicaseducacaofisica.info\/duda-volei-praia\/"},"modified":"2022-10-04T14:55:17","modified_gmt":"2022-10-04T17:55:17","slug":"duda-do-volei-de-praia","status":"publish","type":"post","link":"https:\/\/www.dicaseducacaofisica.info\/pt-pt\/duda-do-volei-de-praia\/","title":{"rendered":"Duda do V\u00f3lei de Praia"},"content":{"rendered":"<div id=\"ez-toc-container\" class=\"ez-toc-v2_0_81 counter-hierarchy ez-toc-counter ez-toc-light-blue ez-toc-container-direction\">\n<div class=\"ez-toc-title-container\">\n<p class=\"ez-toc-title\" style=\"cursor:inherit\">\u00cdndice<\/p>\n<span class=\"ez-toc-title-toggle\"><a href=\"#\" class=\"ez-toc-pull-right ez-toc-btn ez-toc-btn-xs ez-toc-btn-default ez-toc-toggle\" aria-label=\"Toggle Table of Content\"><span class=\"ez-toc-js-icon-con\"><span class=\"\"><span class=\"eztoc-hide\" style=\"display:none;\">Toggle<\/span><span class=\"ez-toc-icon-toggle-span\"><svg style=\"fill: #999;color:#999\" xmlns=\"http:\/\/www.w3.org\/2000\/svg\" class=\"list-377408\" width=\"20px\" height=\"20px\" viewBox=\"0 0 24 24\" fill=\"none\"><path d=\"M6 6H4v2h2V6zm14 0H8v2h12V6zM4 11h2v2H4v-2zm16 0H8v2h12v-2zM4 16h2v2H4v-2zm16 0H8v2h12v-2z\" fill=\"currentColor\"><\/path><\/svg><svg style=\"fill: #999;color:#999\" class=\"arrow-unsorted-368013\" xmlns=\"http:\/\/www.w3.org\/2000\/svg\" width=\"10px\" height=\"10px\" viewBox=\"0 0 24 24\" version=\"1.2\" baseProfile=\"tiny\"><path d=\"M18.2 9.3l-6.2-6.3-6.2 6.3c-.2.2-.3.4-.3.7s.1.5.3.7c.2.2.4.3.7.3h11c.3 0 .5-.1.7-.3.2-.2.3-.5.3-.7s-.1-.5-.3-.7zM5.8 14.7l6.2 6.3 6.2-6.3c.2-.2.3-.5.3-.7s-.1-.5-.3-.7c-.2-.2-.4-.3-.7-.3h-11c-.3 0-.5.1-.7.3-.2.2-.3.5-.3.7s.1.5.3.7z\"\/><\/svg><\/span><\/span><\/span><\/a><\/span><\/div>\n<nav><ul class='ez-toc-list ez-toc-list-level-1 ' ><li class='ez-toc-page-1 ez-toc-heading-level-2'><a class=\"ez-toc-link ez-toc-heading-1\" href=\"https:\/\/www.dicaseducacaofisica.info\/pt-pt\/duda-do-volei-de-praia\/#Quem_e_a_Duda_do_Volei_de_Praia\" >Quem \u00e9 a Duda do V\u00f3lei de Praia?<\/a><\/li><li class='ez-toc-page-1 ez-toc-heading-level-2'><a class=\"ez-toc-link ez-toc-heading-2\" href=\"https:\/\/www.dicaseducacaofisica.info\/pt-pt\/duda-do-volei-de-praia\/#Com_quem_Duda_fez_dupla_no_Volei_de_Praia\" >Com quem Duda fez dupla no V\u00f3lei de Praia?<\/a><\/li><li class='ez-toc-page-1 ez-toc-heading-level-2'><a class=\"ez-toc-link ez-toc-heading-3\" href=\"https:\/\/www.dicaseducacaofisica.info\/pt-pt\/duda-do-volei-de-praia\/#Quantas_Medalhas_e_Titulos_Duda_conquistou_no_Volei_de_Praia\" >Quantas Medalhas e T\u00edtulos Duda conquistou no V\u00f3lei de Praia?<\/a><\/li><li class='ez-toc-page-1 ez-toc-heading-level-2'><a class=\"ez-toc-link ez-toc-heading-4\" href=\"https:\/\/www.dicaseducacaofisica.info\/pt-pt\/duda-do-volei-de-praia\/#Premiacoes_Individuais\" >Premia\u00e7\u00f5es Individuais<\/a><\/li><li class='ez-toc-page-1 ez-toc-heading-level-2'><a class=\"ez-toc-link ez-toc-heading-5\" href=\"https:\/\/www.dicaseducacaofisica.info\/pt-pt\/duda-do-volei-de-praia\/#Resumo_da_Carreira_de_Duda_no_Volei_de_Praia\" >Resumo da Carreira de Duda no V\u00f3lei de Praia<\/a><\/li><li class='ez-toc-page-1 ez-toc-heading-level-2'><a class=\"ez-toc-link ez-toc-heading-6\" href=\"https:\/\/www.dicaseducacaofisica.info\/pt-pt\/duda-do-volei-de-praia\/#Mais_sobre_Volei_de_Praia\" >Mais sobre V\u00f3lei de Praia<\/a><\/li><\/ul><\/nav><\/div>\n<h2><span class=\"ez-toc-section\" id=\"Quem_e_a_Duda_do_Volei_de_Praia\"><\/span>Quem \u00e9 a Duda do V\u00f3lei de Praia?<span class=\"ez-toc-section-end\"><\/span><\/h2>\n<p>Duda do V\u00f3lei de Praia \u00e9 uma atleta que herdou de sua m\u00e3e, Cida Lisboa, o talento para ser uma jogadora de V\u00f3lei de Praia.<\/p>\n<p>Eduarda dos Santos Lisboa, nasceu em 1 de Agosto de 1998, na cidade de Aracaju, capital de Sergipe-Brasil.<\/p>\n<p>Duda se interessou pelo desporto muito nova, aos 9 anos, atrav\u00e9s do incentivo de sua m\u00e3e, come\u00e7ou a praticar o Voleibol de praia.<\/p>\n<p>Em sua carreira no V\u00f3lei de Praia, Duda coleciona muitos t\u00edtulos e medalhas, e entrou para a hist\u00f3ria quando tinha 20 anos de idade, sendo a atleta mais jovem a vencer o Circuito Mundial.<\/p>\n<p><img fetchpriority=\"high\" decoding=\"async\" class=\"aligncenter wp-image-151824 size-full\" src=\"https:\/\/www.dicaseducacaofisica.info\/wp-content\/uploads\/2021\/04\/duda-volei-praia.jpg\" alt=\"Duda do V\u00f3lei de Praia\" width=\"640\" height=\"426\" srcset=\"https:\/\/www.dicaseducacaofisica.info\/wp-content\/uploads\/2021\/04\/duda-volei-praia.jpg 640w, https:\/\/www.dicaseducacaofisica.info\/wp-content\/uploads\/2021\/04\/duda-volei-praia-300x200.jpg 300w\" sizes=\"(max-width: 640px) 100vw, 640px\" \/><\/p>\n<h2><span class=\"ez-toc-section\" id=\"Com_quem_Duda_fez_dupla_no_Volei_de_Praia\"><\/span>Com quem Duda fez dupla no V\u00f3lei de Praia?<span class=\"ez-toc-section-end\"><\/span><\/h2>\n<p>Duda do V\u00f3lei de Praia, fez dupla com v\u00e1rios atletas no decorrer de sua carreira.<\/p>\n<p>Veja algumas jogadoras que Duda fez dupla.<\/p>\n<ul>\n<li aria-level=\"1\">Fez dupla com M\u00f4nica Silva em 2011.<\/li>\n<li aria-level=\"1\">Fez dupla com Drussyla Costa em 2012.<\/li>\n<li aria-level=\"1\">Fez dupla com Ana Carolina Costa em 2013 e 2014.<\/li>\n<li aria-level=\"1\">Fez dupla com Tain\u00e1 Bigi em 2013, 2014 e 2015.<\/li>\n<li aria-level=\"1\">Fez dupla com Thais Ferreira em 2013 e 2014.<\/li>\n<li aria-level=\"1\">Fez dupla com Liliane Maestrini em 2014.<\/li>\n<li aria-level=\"1\">Fez dupla com Andressa Cavalcante em 2014.<\/li>\n<li aria-level=\"1\">Fez dupla com Carolina Horta em 2014 e 2015.<\/li>\n<li aria-level=\"1\">Fez dupla com Elize Maia em 2015, 2016 e 2017.<\/li>\n<li aria-level=\"1\">Fez dupla com Victoria Tosta em 2016.<\/li>\n<li aria-level=\"1\">Fez dupla com Ana Patricia Ramos em 2016 e 2017.<\/li>\n<li aria-level=\"1\">Faz dupla com \u00c1gatha Rippel desde 2017, recentemente Campe\u00e3 Brasileira da temporada 2020\/21.<\/li>\n<\/ul>\n<h2><span class=\"ez-toc-section\" id=\"Quantas_Medalhas_e_Titulos_Duda_conquistou_no_Volei_de_Praia\"><\/span>Quantas Medalhas e T\u00edtulos Duda conquistou no V\u00f3lei de Praia?<span class=\"ez-toc-section-end\"><\/span><\/h2>\n<p>Duda conquistou no V\u00f3lei de Praia muitas Medalhas e T\u00edtulos.<\/p>\n<p>Confira algumas conquistas de Duda.<\/p>\n<ul>\n<li aria-level=\"1\">Campe\u00e3s do Circuito Brasileiro de V\u00f4lei de Praia 2020\/21.<\/li>\n<li aria-level=\"1\">Medalha de Ouro no Circuito Mundial 2018.<\/li>\n<li aria-level=\"1\">Medalha de Ouro no World Tour Finals 2018, em Hamburgo.<\/li>\n<li aria-level=\"1\">Medalha de Prata no World Tour Finals 2019, em Roma.<\/li>\n<li aria-level=\"1\">Medalha de Prata no World Tour Finals 2017, em Hamburgo.<\/li>\n<li aria-level=\"1\">Medalha de Bronze nos Jogos Sul-Americano 2014, em Santiago.<\/li>\n<li aria-level=\"1\">Medalha de Ouro nos Jogos Ol\u00edmpicos das Juventude 2014, em Nanquim.<\/li>\n<li aria-level=\"1\">Medalha de Prata no Campeonato Mundial Sub-23 2013, em Myslowice.<\/li>\n<li aria-level=\"1\">Medalha de Ouro no Campeonato Mundial Sub-19 2013, em Porto.<\/li>\n<li aria-level=\"1\">Medalha de Ouro no Campeonato Mundial Sub-19 2014, em Porto.<\/li>\n<li aria-level=\"1\">Medalha de Ouro no Campeonato Mundial Sub-19 2016, em L\u00e1rnaca.<\/li>\n<li aria-level=\"1\">Medalha de Ouro no Campeonato Mundial Sub-21 2016, em Lucerna.<\/li>\n<li aria-level=\"1\">Medalha de Ouro no Campeonato Mundial Sub-21 2017, em Nanquim.<\/li>\n<li aria-level=\"1\">Medalha de Ouro no Campeonato Mundial Militar 2017, no Rio de Janeiro.<\/li>\n<li aria-level=\"1\">Medalha de Ouro no Campeonato Mundial Escolar 2013, em Manfred\u00f4nia.<\/li>\n<\/ul>\n<h2><span class=\"ez-toc-section\" id=\"Premiacoes_Individuais\"><\/span>Premia\u00e7\u00f5es Individuais<span class=\"ez-toc-section-end\"><\/span><\/h2>\n<ul>\n<li aria-level=\"1\">Melhor Novata do Circuito Mundial de V\u00f3lei de Praia 2016.<\/li>\n<li aria-level=\"1\">Atleta que mais evoluiu do Circuito Brasileiro de V\u00f3lei de Praia Open 2015\/16.<\/li>\n<li aria-level=\"1\">Revela\u00e7\u00e3o do Circuito Brasileiro de V\u00f3lei de Praia Open 2013\/14.<\/li>\n<\/ul>\n<h2><span class=\"ez-toc-section\" id=\"Resumo_da_Carreira_de_Duda_no_Volei_de_Praia\"><\/span>Resumo da Carreira de Duda no V\u00f3lei de Praia<span class=\"ez-toc-section-end\"><\/span><\/h2>\n<p>Duda \u00e9 uma atleta nova que vem conquistando muitos T\u00edtulos.<\/p>\n<p>Entrou para a hist\u00f3ria do V\u00f3lei de Praia sendo a jogadora mais nova a vencer o Circuito Mundial, com apenas 20 anos.<\/p>\n<p>Duda superou a marca de atleta mais nova a vencer o Circuito Mundial, que antes pertencia a Sandra Pires, que venceu aos 21 anos.<\/p>\n<p>Duda, ao lado da sua parceira, \u00c1gatha Rippel, conquistou o Circuito Brasileiro de V\u00f3lei de Praia da temporada 2020\/21.<\/p>\n<h2><span class=\"ez-toc-section\" id=\"Mais_sobre_Volei_de_Praia\"><\/span>Mais sobre V\u00f3lei de Praia<span class=\"ez-toc-section-end\"><\/span><\/h2>\n<ul>\n<li><a href=\"https:\/\/www.dicaseducacaofisica.info\/pt-pt\/sandra-pires-volei-de-praia\/\">Sandra Pires do V\u00f4lei de Praia<\/a><\/li>\n<li><a href=\"https:\/\/www.dicaseducacaofisica.info\/pt-pt\/agatha-do-volei-de-praia\/\">\u00c1gatha do V\u00f4lei de Praia<\/a><\/li>\n<li><a href=\"https:\/\/www.dicaseducacaofisica.info\/pt-pt\/emanuel-volei-praia\/\">Emanuel do V\u00f4lei de Praia<\/a><\/li>\n<li><a href=\"https:\/\/www.dicaseducacaofisica.info\/pt-pt\/voleibol-de-praia-olimpiadas\/\">V\u00f4lei de Praia nas Olimp\u00edadas<\/a><\/li>\n<li><a href=\"https:\/\/www.dicaseducacaofisica.info\/pt-pt\/pontuacao-no-volei-de-praia\/\">Pontua\u00e7\u00e3o no V\u00f4lei de Praia<\/a><\/li>\n<li><a href=\"https:\/\/www.dicaseducacaofisica.info\/regras-do-volei-de-praia-resumo-regras-oficiais\/\">Regras do V\u00f4lei e Praia<\/a><\/li>\n<li><a href=\"https:\/\/www.dicaseducacaofisica.info\/pt-pt\/historia-do-volei-de-praia\/\">Hist\u00f3ria do V\u00f4lei de Praia<\/a><\/li>\n<li><a href=\"https:\/\/www.dicaseducacaofisica.info\/pt-pt\/ricardo-volei-praia\/\">Ricardo do V\u00f4lei de Praia<\/a><\/li>\n<\/ul>\n","protected":false},"excerpt":{"rendered":"<p>Quem \u00e9 a Duda do V\u00f3lei de Praia? Duda do V\u00f3lei de Praia \u00e9 uma atleta que herdou de sua m\u00e3e, Cida Lisboa, o talento para ser uma jogadora de V\u00f3lei de Praia. Eduarda dos Santos Lisboa, nasceu em 1 de Agosto de 1998, na cidade de Aracaju, capital de Sergipe-Brasil. Duda se interessou pelo&hellip;&nbsp;<a href=\"https:\/\/www.dicaseducacaofisica.info\/pt-pt\/duda-do-volei-de-praia\/\" rel=\"bookmark\">Ler mais &raquo;<span class=\"screen-reader-text\">Duda do V\u00f3lei de Praia<\/span><\/a><\/p>\n","protected":false},"author":3,"featured_media":0,"comment_status":"open","ping_status":"open","sticky":false,"template":"","format":"standard","meta":{"_crdt_document":"","neve_meta_sidebar":"","neve_meta_container":"","neve_meta_enable_content_width":"","neve_meta_content_width":0,"neve_meta_title_alignment":"","neve_meta_author_avatar":"","neve_post_elements_order":"","neve_meta_disable_header":"","neve_meta_disable_footer":"","neve_meta_disable_title":"","footnotes":""},"categories":[396,390],"tags":[],"class_list":["post-193329","post","type-post","status-publish","format-standard","hentry","category-praia","category-modalidades-desportes"],"_links":{"self":[{"href":"https:\/\/www.dicaseducacaofisica.info\/pt-pt\/wp-json\/wp\/v2\/posts\/193329","targetHints":{"allow":["GET"]}}],"collection":[{"href":"https:\/\/www.dicaseducacaofisica.info\/pt-pt\/wp-json\/wp\/v2\/posts"}],"about":[{"href":"https:\/\/www.dicaseducacaofisica.info\/pt-pt\/wp-json\/wp\/v2\/types\/post"}],"author":[{"embeddable":true,"href":"https:\/\/www.dicaseducacaofisica.info\/pt-pt\/wp-json\/wp\/v2\/users\/3"}],"replies":[{"embeddable":true,"href":"https:\/\/www.dicaseducacaofisica.info\/pt-pt\/wp-json\/wp\/v2\/comments?post=193329"}],"version-history":[{"count":0,"href":"https:\/\/www.dicaseducacaofisica.info\/pt-pt\/wp-json\/wp\/v2\/posts\/193329\/revisions"}],"wp:attachment":[{"href":"https:\/\/www.dicaseducacaofisica.info\/pt-pt\/wp-json\/wp\/v2\/media?parent=193329"}],"wp:term":[{"taxonomy":"category","embeddable":true,"href":"https:\/\/www.dicaseducacaofisica.info\/pt-pt\/wp-json\/wp\/v2\/categories?post=193329"},{"taxonomy":"post_tag","embeddable":true,"href":"https:\/\/www.dicaseducacaofisica.info\/pt-pt\/wp-json\/wp\/v2\/tags?post=193329"}],"curies":[{"name":"wp","href":"https:\/\/api.w.org\/{rel}","templated":true}]}}